{"@context":"https:\/\/schema.org\/","@type":"CollectionPage","@id":"https:\/\/www.flexit.cz\/zdravi\/#CollectionPage","headline":"Zdrav\u00ed Category","description":"","url":"https:\/\/www.flexit.cz\/zdravi\/","hasPart":[{"@type":"Article","@id":"https:\/\/www.flexit.cz\/jarni-detox-udela-telu-dobre\/","headline":"Jarn\u00ed detox ud\u011bl\u00e1 t\u011blu dob\u0159e","url":"https:\/\/www.flexit.cz\/jarni-detox-udela-telu-dobre\/","datePublished":"2023-05-05","dateModified":"2023-05-05","mainEntityOfPage":"https:\/\/www.flexit.cz\/jarni-detox-udela-telu-dobre\/","author":{"@type":"Person","@id":"https:\/\/www.flexit.cz\/author\/#Person","name":"flexit.cz","url":"https:\/\/www.flexit.cz\/author\/","identifier":1,"image":{"@type":"ImageObject","@id":"https:\/\/secure.gravatar.com\/avatar\/68b3ed45b3ae6ecdad6bfa25b4077e93536d7764172b2830acbdb661d7242512?s=96&d=mm&r=g","url":"https:\/\/secure.gravatar.com\/avatar\/68b3ed45b3ae6ecdad6bfa25b4077e93536d7764172b2830acbdb661d7242512?s=96&d=mm&r=g","height":96,"width":96}},"publisher":{"@type":"Organization","name":"flexit.cz","logo":{"@type":"ImageObject","@id":"\/logo.png","url":"\/logo.png","width":600,"height":60}},"image":{"@type":"ImageObject","@id":"https:\/\/www.flexit.cz\/wp-content\/uploads\/img_a337907_w2450_t1550815237.jpg","url":"https:\/\/www.flexit.cz\/wp-content\/uploads\/img_a337907_w2450_t1550815237.jpg","height":0,"width":0},"keywords":null},{"@type":"Article","@id":"https:\/\/www.flexit.cz\/bolest-hlavy-aneb-ucinna-prevence-a-lecba\/","headline":"Bolest hlavy aneb \u00fa\u010dinn\u00e1 prevence a l\u00e9\u010dba","url":"https:\/\/www.flexit.cz\/bolest-hlavy-aneb-ucinna-prevence-a-lecba\/","datePublished":"2023-05-05","dateModified":"2023-05-05","mainEntityOfPage":"https:\/\/www.flexit.cz\/bolest-hlavy-aneb-ucinna-prevence-a-lecba\/","author":{"@type":"Person","@id":"https:\/\/www.flexit.cz\/author\/#Person","name":"flexit.cz","url":"https:\/\/www.flexit.cz\/author\/","identifier":1,"image":{"@type":"ImageObject","@id":"https:\/\/secure.gravatar.com\/avatar\/68b3ed45b3ae6ecdad6bfa25b4077e93536d7764172b2830acbdb661d7242512?s=96&d=mm&r=g","url":"https:\/\/secure.gravatar.com\/avatar\/68b3ed45b3ae6ecdad6bfa25b4077e93536d7764172b2830acbdb661d7242512?s=96&d=mm&r=g","height":96,"width":96}},"publisher":{"@type":"Organization","name":"flexit.cz","logo":{"@type":"ImageObject","@id":"\/logo.png","url":"\/logo.png","width":600,"height":60}},"image":{"@type":"ImageObject","@id":"https:\/\/www.flexit.cz\/wp-content\/uploads\/img_a307660_w2450_t1518904444.jpg","url":"https:\/\/www.flexit.cz\/wp-content\/uploads\/img_a307660_w2450_t1518904444.jpg","height":0,"width":0},"keywords":null},{"@type":"Article","@id":"https:\/\/www.flexit.cz\/kokosova-mouka-je-dobre-stravitelna-a-bezlepkova\/","headline":"Kokosov\u00e1 mouka je dob\u0159e straviteln\u00e1 a bezlepkov\u00e1","url":"https:\/\/www.flexit.cz\/kokosova-mouka-je-dobre-stravitelna-a-bezlepkova\/","datePublished":"2019-10-27","dateModified":"2023-05-05","mainEntityOfPage":"https:\/\/www.flexit.cz\/kokosova-mouka-je-dobre-stravitelna-a-bezlepkova\/","author":{"@type":"Person","@id":"https:\/\/www.flexit.cz\/author\/#Person","name":"flexit.cz","url":"https:\/\/www.flexit.cz\/author\/","identifier":1,"image":{"@type":"ImageObject","@id":"https:\/\/secure.gravatar.com\/avatar\/68b3ed45b3ae6ecdad6bfa25b4077e93536d7764172b2830acbdb661d7242512?s=96&d=mm&r=g","url":"https:\/\/secure.gravatar.com\/avatar\/68b3ed45b3ae6ecdad6bfa25b4077e93536d7764172b2830acbdb661d7242512?s=96&d=mm&r=g","height":96,"width":96}},"publisher":{"@type":"Organization","name":"flexit.cz","logo":{"@type":"ImageObject","@id":"\/logo.png","url":"\/logo.png","width":600,"height":60}},"image":{"@type":"ImageObject","@id":"https:\/\/www.flexit.cz\/wp-content\/uploads\/img_a373058_w2450_t1584536492.jpg","url":"https:\/\/www.flexit.cz\/wp-content\/uploads\/img_a373058_w2450_t1584536492.jpg","height":0,"width":0},"keywords":null},{"@type":"Article","@id":"https:\/\/www.flexit.cz\/leto-a-nejvetsi-hrozba-utonuti\/","headline":"L\u00e9to a nejv\u011bt\u0161\u00ed hrozba &#8211; utonut\u00ed","url":"https:\/\/www.flexit.cz\/leto-a-nejvetsi-hrozba-utonuti\/","datePublished":"2018-08-08","dateModified":"2023-05-05","mainEntityOfPage":"https:\/\/www.flexit.cz\/leto-a-nejvetsi-hrozba-utonuti\/","author":{"@type":"Person","@id":"https:\/\/www.flexit.cz\/author\/#Person","name":"flexit.cz","url":"https:\/\/www.flexit.cz\/author\/","identifier":1,"image":{"@type":"ImageObject","@id":"https:\/\/secure.gravatar.com\/avatar\/68b3ed45b3ae6ecdad6bfa25b4077e93536d7764172b2830acbdb661d7242512?s=96&d=mm&r=g","url":"https:\/\/secure.gravatar.com\/avatar\/68b3ed45b3ae6ecdad6bfa25b4077e93536d7764172b2830acbdb661d7242512?s=96&d=mm&r=g","height":96,"width":96}},"publisher":{"@type":"Organization","name":"flexit.cz","logo":{"@type":"ImageObject","@id":"\/logo.png","url":"\/logo.png","width":600,"height":60}},"image":{"@type":"ImageObject","@id":"https:\/\/www.flexit.cz\/wp-content\/uploads\/img_a323087_w2450_t1534879223.jpg","url":"https:\/\/www.flexit.cz\/wp-content\/uploads\/img_a323087_w2450_t1534879223.jpg","height":0,"width":0},"keywords":null},{"@type":"Article","@id":"https:\/\/www.flexit.cz\/nemoc-lze-nejen-vylezet-ale-i-ohleduplne-vylecit\/","headline":"Nemoc lze nejen vyle\u017eet, ale i ohledupln\u011b vyl\u00e9\u010dit","url":"https:\/\/www.flexit.cz\/nemoc-lze-nejen-vylezet-ale-i-ohleduplne-vylecit\/","datePublished":"2018-06-03","dateModified":"2023-05-05","mainEntityOfPage":"https:\/\/www.flexit.cz\/nemoc-lze-nejen-vylezet-ale-i-ohleduplne-vylecit\/","author":{"@type":"Person","@id":"https:\/\/www.flexit.cz\/author\/#Person","name":"flexit.cz","url":"https:\/\/www.flexit.cz\/author\/","identifier":1,"image":{"@type":"ImageObject","@id":"https:\/\/secure.gravatar.com\/avatar\/68b3ed45b3ae6ecdad6bfa25b4077e93536d7764172b2830acbdb661d7242512?s=96&d=mm&r=g","url":"https:\/\/secure.gravatar.com\/avatar\/68b3ed45b3ae6ecdad6bfa25b4077e93536d7764172b2830acbdb661d7242512?s=96&d=mm&r=g","height":96,"width":96}},"publisher":{"@type":"Organization","name":"flexit.cz","logo":{"@type":"ImageObject","@id":"\/logo.png","url":"\/logo.png","width":600,"height":60}},"image":{"@type":"ImageObject","@id":"https:\/\/www.flexit.cz\/wp-content\/uploads\/img_a320422_w2450_t1531727218.jpg","url":"https:\/\/www.flexit.cz\/wp-content\/uploads\/img_a320422_w2450_t1531727218.jpg","height":0,"width":0},"keywords":null}]}