[{"@context":"https:\/\/schema.org\/","@type":"Article","@id":"https:\/\/www.flexit.cz\/zajisteni-na-stari\/#Article","mainEntityOfPage":"https:\/\/www.flexit.cz\/zajisteni-na-stari\/","headline":"Zaji\u0161t\u011bn\u00ed na st\u00e1\u0159\u00ed","name":"Zaji\u0161t\u011bn\u00ed na st\u00e1\u0159\u00ed","description":"U odchodu do d\u016fchodu doch\u00e1z\u00ed ze strany na\u0161ich z\u00e1konod\u00e1rc\u016f st\u00e1le k n\u011bjak\u00fdm zm\u011bn\u00e1m a aktualizac\u00edm z\u00e1kona, tak\u017ee vesm\u011bs co platilo p\u0159ed rokem, nemus\u00ed platit nyn\u00ed a vy o tom nemus\u00edte m\u00edt ani pon\u011bt\u00ed. Snadno se tak m\u016f\u017eete spol\u00e9hat na podm\u00ednky, kter\u00e9 u\u017e nejsou platn\u00e9 a vy budete p\u0159i vy\u0159izov\u00e1n\u00ed va\u0161eho zaji\u0161t\u011bn\u00ed na st\u00e1\u0159\u00ed, nemile p\u0159ekvapeni. [&hellip;]","datePublished":"2025-01-11","dateModified":"2025-01-11","author":{"@type":"Person","@id":"https:\/\/www.flexit.cz\/author\/#Person","name":"flexit.cz","url":"https:\/\/www.flexit.cz\/author\/","identifier":1,"image":{"@type":"ImageObject","@id":"https:\/\/secure.gravatar.com\/avatar\/68b3ed45b3ae6ecdad6bfa25b4077e93536d7764172b2830acbdb661d7242512?s=96&d=mm&r=g","url":"https:\/\/secure.gravatar.com\/avatar\/68b3ed45b3ae6ecdad6bfa25b4077e93536d7764172b2830acbdb661d7242512?s=96&d=mm&r=g","height":96,"width":96}},"publisher":{"@type":"Organization","name":"flexit.cz","logo":{"@type":"ImageObject","@id":"\/logo.png","url":"\/logo.png","width":600,"height":60}},"url":"https:\/\/www.flexit.cz\/zajisteni-na-stari\/","wordCount":223,"articleBody":"U odchodu do d\u016fchodu doch\u00e1z\u00ed ze strany na\u0161ich z\u00e1konod\u00e1rc\u016f st\u00e1le k n\u011bjak\u00fdm zm\u011bn\u00e1m a aktualizac\u00edm z\u00e1kona, tak\u017ee vesm\u011bs co platilo p\u0159ed rokem, nemus\u00ed platit nyn\u00ed a vy o tom nemus\u00edte m\u00edt ani pon\u011bt\u00ed. Snadno se tak m\u016f\u017eete spol\u00e9hat na podm\u00ednky, kter\u00e9 u\u017e nejsou platn\u00e9 a vy budete p\u0159i vy\u0159izov\u00e1n\u00ed va\u0161eho zaji\u0161t\u011bn\u00ed na st\u00e1\u0159\u00ed, nemile p\u0159ekvapeni. Nenechte se proto vykolejit a v\u010das se zaj\u00edmejte o to, na co m\u00e1te n\u00e1rok. M\u016f\u017eete d\u00e1l pracovat Jestli\u017ee jste ve va\u0161em zam\u011bstn\u00e1n\u00ed spokojen\u00ed, nebo v\u00e1s rodinn\u00e1 situace nut\u00ed k tomu, \u017ee pot\u0159ebujete st\u00e1le vy\u0161\u0161\u00ed v\u00fdd\u011blek, a\u010d u\u017e byste m\u011bli n\u00e1rok na to pob\u00edrat starobn\u00ed penzi, nemus\u00edte jej opou\u0161t\u011bt a je na v\u00e1s, jestli vyu\u017eijete mo\u017enosti p\u0159ej\u00edt do penze nebo ne. V podstat\u011b ji m\u016f\u017eete v klidu pob\u00edrat a i si d\u00e1l vyd\u011bl\u00e1vat u va\u0161eho zam\u011bstnavatele, jen bude nutn\u00e9 vy\u0159\u00eddit nejednu formalitu a doporu\u010dujeme proto se sezn\u00e1mit s t\u00edm, co bude v takov\u00e9m p\u0159\u00edpad\u011b pot\u0159ebovat u\u010dinit za kroky.                                                                                                                                                                                                                                                                                                                                                                                        5\/5 - (2 votes)        "},{"@context":"https:\/\/schema.org\/","@type":"BreadcrumbList","itemListElement":[{"@type":"ListItem","position":1,"name":"Zaji\u0161t\u011bn\u00ed na st\u00e1\u0159\u00ed","item":"https:\/\/www.flexit.cz\/zajisteni-na-stari\/#breadcrumbitem"}]}]