[{"@context":"https:\/\/schema.org\/","@type":"Article","@id":"https:\/\/www.flexit.cz\/vycisteny-koberec-za-par-chvil\/#Article","mainEntityOfPage":"https:\/\/www.flexit.cz\/vycisteny-koberec-za-par-chvil\/","headline":"Vy\u010di\u0161t\u011bn\u00fd koberec za p\u00e1r chvil","name":"Vy\u010di\u0161t\u011bn\u00fd koberec za p\u00e1r chvil","description":"Jestli je\u0161t\u011b \u010dist\u00edte koberce postaru, tak, \u017ee do nich perete hlava nehlava n\u011bkde na s\u00eddli\u0161ti, tak v\u00e1s jist\u011b p\u0159\u00edjemn\u011b p\u0159ekvap\u00edme, kdy\u017e se zm\u00edn\u00edme, \u017ee v na\u0161\u00ed nab\u00eddce produkt\u016f se objevily extraktory na koberce, \u010di\u0161t\u011bn\u00ed koberc\u016f, puzzi, Karcher, se kter\u00fdmi vy\u010dist\u00edte koberec jedna dv\u011b, ani\u017e byste se v\u016fbec zapotili.&#13; &#13; Nov\u00e9 extraktory na koberce v\u0161ak nemus\u00edte [&hellip;]","datePublished":"2019-11-18","dateModified":"2023-05-05","author":{"@type":"Person","@id":"https:\/\/www.flexit.cz\/author\/#Person","name":"flexit.cz","url":"https:\/\/www.flexit.cz\/author\/","identifier":1,"image":{"@type":"ImageObject","@id":"https:\/\/secure.gravatar.com\/avatar\/68b3ed45b3ae6ecdad6bfa25b4077e93536d7764172b2830acbdb661d7242512?s=96&d=mm&r=g","url":"https:\/\/secure.gravatar.com\/avatar\/68b3ed45b3ae6ecdad6bfa25b4077e93536d7764172b2830acbdb661d7242512?s=96&d=mm&r=g","height":96,"width":96}},"publisher":{"@type":"Organization","name":"flexit.cz","logo":{"@type":"ImageObject","@id":"\/logo.png","url":"\/logo.png","width":600,"height":60}},"image":{"@type":"ImageObject","@id":"https:\/\/www.flexit.cz\/wp-content\/uploads\/img_a356918_w3368_t1571639555.jpg","url":"https:\/\/www.flexit.cz\/wp-content\/uploads\/img_a356918_w3368_t1571639555.jpg","height":0,"width":0},"url":"https:\/\/www.flexit.cz\/vycisteny-koberec-za-par-chvil\/","about":["Domov"],"wordCount":424,"articleBody":"Jestli je\u0161t\u011b \u010dist\u00edte koberce postaru, tak, \u017ee do nich perete hlava nehlava n\u011bkde na s\u00eddli\u0161ti, tak v\u00e1s jist\u011b p\u0159\u00edjemn\u011b p\u0159ekvap\u00edme, kdy\u017e se zm\u00edn\u00edme, \u017ee v na\u0161\u00ed nab\u00eddce produkt\u016f se objevily extraktory na koberce, \u010di\u0161t\u011bn\u00ed koberc\u016f, puzzi, Karcher, se kter\u00fdmi vy\u010dist\u00edte koberec jedna dv\u011b, ani\u017e byste se v\u016fbec zapotili.&#13; &#13; Nov\u00e9 extraktory na koberce v\u0161ak nemus\u00edte ale ocenit pouze jako \u017eena \u010di mu\u017e v dom\u00e1cnosti, kter\u00fd je\u0161t\u011b neobjevil kr\u00e1sy tohoto p\u0159\u00edstroje, ale m\u016f\u017eete tak\u00e9 pracovat jako ukl\u00edze\u010d\/ukl\u00edze\u010dka, m\u016f\u017eete si p\u0159ivyd\u011bl\u00e1vat \u00faklidem dom\u00e1cnost\u00ed apod., zkr\u00e1tka extraktory na koberce, \u010di\u0161t\u011bn\u00ed koberc\u016f, puzzi, Karcher jsou ide\u00e1ln\u00ed pro ka\u017ed\u00e9ho, kdo se pot\u00fdk\u00e1 s velk\u00fdm mno\u017estv\u00edm koberc\u016f nebo chce m\u00edt sv\u00e9 vlastn\u00ed perfektn\u011b vy\u010di\u0161t\u011bn\u00e9.&#13; &#13; Jak jist\u011b toti\u017e v\u00edte, ne\u010di\u0161t\u011bn\u00e9 koberce v sob\u011b ukr\u00fdvaj\u00ed celou \u0159adu nejr\u016fzn\u011bj\u0161\u00edch \u0161k\u016fdc\u016f, rozto\u010d\u016f, brouk\u016f a hlavn\u011b prachu, kter\u00fd se pot\u00e9 v\u00ed\u0159\u00ed jedna dv\u011b, jenom co na takov\u00fd koberec \u0161l\u00e1pnete. Nic takov\u00e9ho nechcete m\u00edt v bl\u00edzkosti jako zdrav\u00fd \u010dlov\u011bk, nato\u017e pak, pokud jste vy sami nebo n\u011bkdo z va\u0161eho okol\u00ed je alergik. Pro alergiky jsou ne\u010di\u0161t\u011bn\u00e9 koberce \u00fapln\u00e1 past, na kterou sta\u010d\u00ed jenom \u0161l\u00e1pnout a spust\u00ed se nejen nos, ale tak\u00e9 daleko z\u00e1va\u017en\u011bj\u0161\u00ed pot\u00ed\u017ee. Nedoporu\u010duje se tak\u00e9 m\u00edt ne\u010di\u0161t\u011bn\u00e9 koberce okolo mal\u00fdch d\u011bt\u00ed, kter\u00e9 jsou velice n\u00e1chyln\u00e9 pr\u00e1v\u011b na nejr\u016fzn\u011bj\u0161\u00ed rozto\u010de, ob\u00fdvaj\u00edc\u00ed vl\u00e1kna koberce. By\u0165 se v\u0161ude rad\u00ed, aby d\u011bti byly vystavov\u00e1ny p\u0159\u00edrod\u011b, tohle je n\u011bco \u00fapln\u011b jin\u00e9ho a m\u016f\u017ee to u nich v pozd\u011bj\u0161\u00edm v\u011bku vyvolat pr\u00e1v\u011b alergii.&#13; &#13; Pokud tedy chcete m\u00edt v\u0161e dokonale \u010dist\u00e9, nen\u00ed nic jednodu\u0161\u0161\u00edho, ne\u017e zaj\u00edt na n\u00e1\u0161 e-shop a pod\u00edvat se na na\u0161i skv\u011blou nab\u00eddku plnou v\u00fdhodn\u00fdch akc\u00ed a cen, ze kter\u00e9 si jist\u011b vyberete ten prav\u00fd pro v\u00e1s, t\u0159eba pr\u00e1v\u011b jako jsou extraktory na koberce, \u010di\u0161t\u011bn\u00ed koberc\u016f, puzzi, Karcher, kvalitn\u00ed p\u0159\u00edstroje za bezkonkuren\u010dn\u00ed cenu jenom u n\u00e1s. Zato\u010dte po\u0159\u00e1dn\u011b s \u00faklidem a bu\u010fte hotovi jedna dv\u011b a p\u0159ipojte se k na\u0161im spokojen\u00fdm z\u00e1kazn\u00edk\u016fm.&#13; &#13;                                                                                                                                                                                                                                                                                                                                                                                         4.1\/5 - (7 votes)        "},{"@context":"https:\/\/schema.org\/","@type":"BreadcrumbList","itemListElement":[{"@type":"ListItem","position":1,"name":"Vy\u010di\u0161t\u011bn\u00fd koberec za p\u00e1r chvil","item":"https:\/\/www.flexit.cz\/vycisteny-koberec-za-par-chvil\/#breadcrumbitem"}]}]