[{"@context":"https:\/\/schema.org\/","@type":"Article","@id":"https:\/\/www.flexit.cz\/v-japonsku-si-poradili-s-parkovanim-velice-sverazne\/#Article","mainEntityOfPage":"https:\/\/www.flexit.cz\/v-japonsku-si-poradili-s-parkovanim-velice-sverazne\/","headline":"V Japonsku si poradili s parkov\u00e1n\u00edm velice sv\u00e9r\u00e1zn\u011b","name":"V Japonsku si poradili s parkov\u00e1n\u00edm velice sv\u00e9r\u00e1zn\u011b","description":"Nejpal\u010div\u011bj\u0161\u00edm probl\u00e9mem \u010desk\u00e9 i evropsk\u00e9 dopravy nejsou ani rozkopan\u00e9 silnice, ani probl\u00e9mov\u00e9 d\u00e1lnice a dopravn\u00ed \u0161pi\u010dky \u010di z\u00e1cpy. Je to docela oby\u010dejn\u00e9 parkov\u00e1n\u00ed. Zvl\u00e1\u0161t\u011b v&nbsp;m\u00edstech, kde je vysok\u00e1 koncentrace osob a siln\u00fd provoz. Jin\u00fd kraj, odli\u0161n\u00e9 mravy Tak\u00e9 m\u00e1te pocit, \u017ee v&nbsp;n\u011bkter\u00fdch m\u011bstech se vyb\u00edraj\u00ed tu\u010dn\u00e9 poplatky za parkov\u00e1n\u00ed, p\u0159itom se nic z\u00e1sadn\u00edho ne\u0159e\u0161\u00ed ve [&hellip;]","datePublished":"2023-05-05","dateModified":"2023-05-05","author":{"@type":"Person","@id":"https:\/\/www.flexit.cz\/author\/#Person","name":"flexit.cz","url":"https:\/\/www.flexit.cz\/author\/","identifier":1,"image":{"@type":"ImageObject","@id":"https:\/\/secure.gravatar.com\/avatar\/68b3ed45b3ae6ecdad6bfa25b4077e93536d7764172b2830acbdb661d7242512?s=96&d=mm&r=g","url":"https:\/\/secure.gravatar.com\/avatar\/68b3ed45b3ae6ecdad6bfa25b4077e93536d7764172b2830acbdb661d7242512?s=96&d=mm&r=g","height":96,"width":96}},"publisher":{"@type":"Organization","name":"flexit.cz","logo":{"@type":"ImageObject","@id":"\/logo.png","url":"\/logo.png","width":600,"height":60}},"image":{"@type":"ImageObject","@id":"https:\/\/www.flexit.cz\/wp-content\/uploads\/img_a342409_w2450_t1555182191.jpg","url":"https:\/\/www.flexit.cz\/wp-content\/uploads\/img_a342409_w2450_t1555182191.jpg","height":0,"width":0},"url":"https:\/\/www.flexit.cz\/v-japonsku-si-poradili-s-parkovanim-velice-sverazne\/","about":["Auto moto"],"wordCount":432,"articleBody":"Nejpal\u010div\u011bj\u0161\u00edm probl\u00e9mem \u010desk\u00e9 i evropsk\u00e9 dopravy nejsou ani rozkopan\u00e9 silnice, ani probl\u00e9mov\u00e9 d\u00e1lnice a dopravn\u00ed \u0161pi\u010dky \u010di z\u00e1cpy. Je to docela oby\u010dejn\u00e9 parkov\u00e1n\u00ed. Zvl\u00e1\u0161t\u011b v&nbsp;m\u00edstech, kde je vysok\u00e1 koncentrace osob a siln\u00fd provoz.\tJin\u00fd kraj, odli\u0161n\u00e9 mravyTak\u00e9 m\u00e1te pocit, \u017ee v&nbsp;n\u011bkter\u00fdch m\u011bstech se vyb\u00edraj\u00ed tu\u010dn\u00e9 poplatky za parkov\u00e1n\u00ed, p\u0159itom se nic z\u00e1sadn\u00edho ne\u0159e\u0161\u00ed ve smyslu nedostatku parkovac\u00edch m\u00edst? Nen\u00ed to sice jen ryze \u010desk\u00fd jev, kdy se pouze inkasuje, ale v\u00fdstavba zaost\u00e1v\u00e1, nicm\u00e9n\u011b ne v\u0161ude se p\u0159istupuje t\u00edmto zp\u016fsobem k&nbsp;ne\u00fanosn\u00e9 situaci v&nbsp;m\u011bstsk\u00fdch obytn\u00fdch z\u00f3n\u00e1ch.V&nbsp;Japonsku se alespo\u0148 sna\u017e\u00ed tento probl\u00e9m \u0159e\u0161it radik\u00e1ln\u011b. Jist\u011b si vybav\u00edte, \u017ee Japonsko je ostrovn\u00edm st\u00e1tem, resp. souostrov\u00edm, \u017ee je zde velmi vysok\u00e1 hustota obyvatel, a \u017ee pr\u00e1v\u011b zde se projevuje p\u0159elidn\u011bn\u00ed velice markantn\u011b. T\u00fdk\u00e1 se to i automobilov\u00e9ho pr\u016fmyslu a po\u010dtu u\u017e\u00edvan\u00fdch vozidel. V&nbsp;ka\u017ed\u00e9 rodin\u011b jsou v&nbsp;pr\u016fm\u011bru k&nbsp;dispozici dva a\u017e t\u0159i vozy, automobilov\u00fd provoz tu vzrostl n\u011bkolikan\u00e1sobn\u011b a nejv\u011bt\u0161\u00ed pot\u00ed\u017ee p\u0159edstavuje parking.Nedostatek parkovac\u00edch ploch se tu kompenzuje, zvl\u00e1\u0161t\u011b v&nbsp;posledn\u00ed dob\u011b, podzemn\u00edmi parkovi\u0161ti s&nbsp;n\u00e1kladn\u00edm v\u00fdtahem. M\u016f\u017eeme o nich s&nbsp;nads\u00e1zkou tvrdit, \u017ee jde o podzemn\u00ed mrakodrapy, sv\u016fj v\u016fz ukryjete pod zemsk\u00fdm povrchem a\u017e v&nbsp;hloubce n\u011bkolika des\u00edtek metr\u016f.Tomuto jevu se tak\u00e9 p\u0159izp\u016fsobuje \u017eivot tamn\u00edch obyvatel. Lid\u00e9 rad\u011bji odstav\u00ed sv\u00e1 vozidla pod zem a vyu\u017eij\u00ed voln\u00fd prostor stavebn\u00edch parcel pro v\u00fdstavbu dom\u016f, nebo pro sportovi\u0161t\u011b, d\u011btsk\u00e1 h\u0159i\u0161t\u011b a parkov\u00e9 z\u00f3ny, auta tu zkr\u00e1tka maj\u00ed sv\u00e9 d\u016fle\u017eit\u00e9 m\u00edsto, ov\u0161em nikoli na \u00fakor \u017eivotn\u00edho prost\u0159ed\u00ed.&nbsp;Cena za parkov\u00e1n\u00ed v&nbsp;zemsk\u00e9 hlubin\u011b je p\u0159ibli\u017en\u011b na shodn\u00e9 \u00farovni, jako na povrchu, nebo v&nbsp;nadzemn\u00edm parkovi\u0161ti, a z\u00e1jem o tyto slu\u017eby prokazuje fakt, \u017ee jsou m\u00edsta ji\u017e p\u0159edem vyprod\u00e1na. V\u00fdhodou d\u016fmysln\u00fdch podzemn\u00edch prostor je tak\u00e9 zabezpe\u010den\u00ed p\u0159ed kr\u00e1de\u017e\u00ed, ovl\u00e1d\u00e1n\u00ed n\u00e1kladn\u00edho v\u00fdtahu speci\u00e1ln\u00edmi kl\u00ed\u010di a relativn\u00ed bezpe\u010d\u00ed p\u0159ed pov\u011btrnostn\u00edmi vlivy.                                                                                                                                                                                                                                                                                                                                                                                        4.2\/5 - (16 votes)        "},{"@context":"https:\/\/schema.org\/","@type":"BreadcrumbList","itemListElement":[{"@type":"ListItem","position":1,"name":"V Japonsku si poradili s parkov\u00e1n\u00edm velice sv\u00e9r\u00e1zn\u011b","item":"https:\/\/www.flexit.cz\/v-japonsku-si-poradili-s-parkovanim-velice-sverazne\/#breadcrumbitem"}]}]