[{"@context":"https:\/\/schema.org\/","@type":"Article","@id":"https:\/\/www.flexit.cz\/skutecne-pomuze-choditko-pro-holcicku-ci-kluka-nasemu-potomku-drive-chodit\/#Article","mainEntityOfPage":"https:\/\/www.flexit.cz\/skutecne-pomuze-choditko-pro-holcicku-ci-kluka-nasemu-potomku-drive-chodit\/","headline":"Skute\u010dn\u011b pom\u016f\u017ee chod\u00edtko pro hol\u010di\u010dku \u010di kluka na\u0161emu potomku d\u0159\u00edve chodit?","name":"Skute\u010dn\u011b pom\u016f\u017ee chod\u00edtko pro hol\u010di\u010dku \u010di kluka na\u0161emu potomku d\u0159\u00edve chodit?","description":"Snad ka\u017ed\u00fd rodi\u010d je p\u0159esv\u011bd\u010den o tom, \u017ee pr\u00e1v\u011b jeho potomek je ten nejkr\u00e1sn\u011bj\u0161\u00ed, nejchyt\u0159ej\u0161\u00ed a nej\u0161ikovn\u011bj\u0161\u00ed. A je to jen pochopiteln\u00e9, koneckonc\u016f, l\u00e1ska b\u00fdv\u00e1 slep\u00e1, a zvl\u00e1\u0161t\u011b ta rodi\u010dovsk\u00e1. Av\u0161ak to znamen\u00e1 i to, \u017ee je chceme v jejich v\u00fdvoji co nejv\u00edce podpo\u0159it. V tom nej\u00fatlej\u0161\u00edm v\u011bku toho p\u0159\u00edli\u0161 ud\u011blat nem\u016f\u017eeme. To v\u0161ak neznamen\u00e1, [&hellip;]","datePublished":"2021-06-03","dateModified":"2023-05-05","author":{"@type":"Person","@id":"https:\/\/www.flexit.cz\/author\/#Person","name":"flexit.cz","url":"https:\/\/www.flexit.cz\/author\/","identifier":1,"image":{"@type":"ImageObject","@id":"https:\/\/secure.gravatar.com\/avatar\/68b3ed45b3ae6ecdad6bfa25b4077e93536d7764172b2830acbdb661d7242512?s=96&d=mm&r=g","url":"https:\/\/secure.gravatar.com\/avatar\/68b3ed45b3ae6ecdad6bfa25b4077e93536d7764172b2830acbdb661d7242512?s=96&d=mm&r=g","height":96,"width":96}},"publisher":{"@type":"Organization","name":"flexit.cz","logo":{"@type":"ImageObject","@id":"\/logo.png","url":"\/logo.png","width":600,"height":60}},"image":{"@type":"ImageObject","@id":"https:\/\/www.flexit.cz\/wp-content\/uploads\/choditko3_9.jpg","url":"https:\/\/www.flexit.cz\/wp-content\/uploads\/choditko3_9.jpg","height":0,"width":0},"url":"https:\/\/www.flexit.cz\/skutecne-pomuze-choditko-pro-holcicku-ci-kluka-nasemu-potomku-drive-chodit\/","about":["Zbo\u017e\u00ed"],"wordCount":445,"articleBody":"   Snad ka\u017ed\u00fd rodi\u010d je p\u0159esv\u011bd\u010den o tom, \u017ee pr\u00e1v\u011b jeho potomek je ten nejkr\u00e1sn\u011bj\u0161\u00ed, nejchyt\u0159ej\u0161\u00ed a nej\u0161ikovn\u011bj\u0161\u00ed. A je to jen pochopiteln\u00e9, koneckonc\u016f, l\u00e1ska b\u00fdv\u00e1 slep\u00e1, a zvl\u00e1\u0161t\u011b ta rodi\u010dovsk\u00e1. Av\u0161ak to znamen\u00e1 i to, \u017ee je chceme v jejich v\u00fdvoji co nejv\u00edce podpo\u0159it.V tom nej\u00fatlej\u0161\u00edm v\u011bku toho p\u0159\u00edli\u0161 ud\u011blat nem\u016f\u017eeme. To v\u0161ak neznamen\u00e1, \u017ee se nem\u016f\u017eeme sna\u017eit. I proto, jakmile d\u00edt\u011b za\u010dne bezpe\u010dn\u011b sed\u011bt, jej mnoho rodi\u010d\u016f posad\u00ed do chod\u00edtka. Jedn\u00e1 se o plastovou \u010di kovovou konstrukci na kole\u010dk\u00e1ch, opat\u0159enou sed\u00e1tkem. D\u00edt\u011b se m\u016f\u017ee odstrkovat nohama a pohybovat se tak, jak chce. V\u0161e je opat\u0159eno \u0161irok\u00fdm r\u00e1mem, kter\u00fd zabr\u00e1n\u00ed tomu, aby se p\u0159i n\u00e1razu do zdi \u010di do n\u00e1bytku n\u00e1\u0161 potomek poranil. Tento r\u00e1m pak tak\u00e9 slou\u017e\u00ed jako prostor, kde si m\u016f\u017ee d\u00edt\u011b nap\u0159\u00edklad malovat \u010di hr\u00e1t s kostkami nebo j\u00edst.Je jasn\u00e9, \u017ee je vyr\u00e1b\u011bno v nejr\u016fzn\u011bj\u0161\u00edch proveden\u00edch. Nap\u0159\u00edklad barva z\u00e1le\u017e\u00ed na tom, zda jde o chod\u00edtko pro hol\u010di\u010dku \u010di kluka \u2013 m\u016f\u017eeme jej m\u00edt v r\u016f\u017eov\u00e9 \u010di modr\u00e9 variant\u011b. K dispozici jsou ale i neutr\u00e1ln\u00ed barvy, jako nap\u0159\u00edklad b\u00edl\u00e1 \u010di zelen\u00e1. Z\u00e1le\u017e\u00ed jen na na\u0161em vkusu, jak\u00e9 vybereme.Nen\u00ed pochyb o tom, \u017ee naprost\u00e1 v\u011bt\u0161ina d\u011bt\u00ed, jakmile se v chod\u00edtku nau\u010d\u00ed pohybovat, jej velmi ocen\u00ed. Umo\u017en\u00ed jim toti\u017e dos\u00e1hnout d\u0159\u00edve netu\u0161en\u00e9 mobility a to bez p\u00e1d\u016f \u010di bez n\u00e1mahy, kter\u00e1 doprov\u00e1zela v\u0161echny jejich p\u0159edchoz\u00ed pokusy.Ot\u00e1zkou ov\u0161em je, zda je pou\u017eit\u00ed chod\u00edtka skute\u010dn\u011b vhodn\u00e9, p\u0159edev\u0161\u00edm ze zdravotn\u00edho hlediska. Nesm\u00edme toti\u017e zapom\u00ednat na to, \u017ee se n\u00e1\u0161 potomek st\u00e1le vyv\u00edj\u00ed, a to se t\u00fdk\u00e1 i jeho p\u00e1te\u0159e. Ta si mus\u00ed na nov\u00fd zp\u016fsob dr\u017een\u00ed t\u011bla, v tomto p\u0159\u00edpad\u011b vzp\u0159\u00edmen\u00fd, postupn\u011b zvykat. Za norm\u00e1ln\u00edch okolnost\u00ed si na to zvyk\u00e1 tak, jak d\u00edt\u011b \u010d\u00edm d\u00e1l v\u00edce chod\u00ed. Ov\u0161em pokud jej d\u00e1me do chod\u00edtka, pak p\u00e1te\u0159 nem\u00e1 na p\u0159izp\u016fsoben\u00ed \u010das, co\u017e m\u016f\u017ee m\u00edt nep\u011bkn\u00e9 zdravotn\u00ed n\u00e1sledky.\u0158e\u0161en\u00edm je vyu\u017e\u00edvat chod\u00edtko s rozumem, a nenech\u00e1vat v n\u011bm potomka nap\u0159\u00edklad p\u016fl dne. Pak bude v\u0161echno v po\u0159\u00e1dku.                                                                                                                                                                                                                                                                                                                                                                                          4\/5 - (10 votes)        "},{"@context":"https:\/\/schema.org\/","@type":"BreadcrumbList","itemListElement":[{"@type":"ListItem","position":1,"name":"Skute\u010dn\u011b pom\u016f\u017ee chod\u00edtko pro hol\u010di\u010dku \u010di kluka na\u0161emu potomku d\u0159\u00edve chodit?","item":"https:\/\/www.flexit.cz\/skutecne-pomuze-choditko-pro-holcicku-ci-kluka-nasemu-potomku-drive-chodit\/#breadcrumbitem"}]}]