[{"@context":"https:\/\/schema.org\/","@type":"Article","@id":"https:\/\/www.flexit.cz\/pro-stehovani-kancelari-je-nutne-se-radne-teoreticky-pripravit\/#Article","mainEntityOfPage":"https:\/\/www.flexit.cz\/pro-stehovani-kancelari-je-nutne-se-radne-teoreticky-pripravit\/","headline":"Pro st\u011bhov\u00e1n\u00ed kancel\u00e1\u0159\u00ed je nutn\u00e9 se \u0159\u00e1dn\u011b teoreticky p\u0159ipravit","name":"Pro st\u011bhov\u00e1n\u00ed kancel\u00e1\u0159\u00ed je nutn\u00e9 se \u0159\u00e1dn\u011b teoreticky p\u0159ipravit","description":"St\u011bhuj\u00ed se nejen rodinn\u00e9 domy a byty v bytov\u00fdch domech, st\u011bhov\u00e1n\u00ed se t\u00fdk\u00e1 i v\u00fdrobn\u00edch provoz\u016f a kancel\u00e1\u0159\u00ed. Co je typick\u00e9 pro st\u011bhov\u00e1n\u00ed kancel\u00e1\u0159\u00ed Velk\u00e9 mno\u017estv\u00ed n\u00e1bytku \u2013 nejv\u011bt\u0161\u00edm \u00faskal\u00edm kancel\u00e1\u0159\u00ed je v pr\u016fb\u011bhu st\u011bhov\u00e1n\u00ed n\u00e1bytek. Je ho tu a\u017e moc, m\u00edstnosti jsou mnohdy zapln\u011bn\u00e9 \u0161anony ulo\u017een\u00fdmi v reg\u00e1lech vysok\u00fdch sk\u0159\u00edn\u00ed \u010di komod, je tu [&hellip;]","datePublished":"2022-03-28","dateModified":"2023-05-05","author":{"@type":"Person","@id":"https:\/\/www.flexit.cz\/author\/#Person","name":"flexit.cz","url":"https:\/\/www.flexit.cz\/author\/","identifier":1,"image":{"@type":"ImageObject","@id":"https:\/\/secure.gravatar.com\/avatar\/68b3ed45b3ae6ecdad6bfa25b4077e93536d7764172b2830acbdb661d7242512?s=96&d=mm&r=g","url":"https:\/\/secure.gravatar.com\/avatar\/68b3ed45b3ae6ecdad6bfa25b4077e93536d7764172b2830acbdb661d7242512?s=96&d=mm&r=g","height":96,"width":96}},"publisher":{"@type":"Organization","name":"flexit.cz","logo":{"@type":"ImageObject","@id":"\/logo.png","url":"\/logo.png","width":600,"height":60}},"image":{"@type":"ImageObject","@id":"https:\/\/www.flexit.cz\/wp-content\/uploads\/office-1516329_640.jpg","url":"https:\/\/www.flexit.cz\/wp-content\/uploads\/office-1516329_640.jpg","height":0,"width":0},"url":"https:\/\/www.flexit.cz\/pro-stehovani-kancelari-je-nutne-se-radne-teoreticky-pripravit\/","about":["Slu\u017eby"],"wordCount":406,"articleBody":"   St\u011bhuj\u00ed se nejen rodinn\u00e9 domy a byty v bytov\u00fdch domech, st\u011bhov\u00e1n\u00ed se t\u00fdk\u00e1 i v\u00fdrobn\u00edch provoz\u016f a kancel\u00e1\u0159\u00ed.Co je typick\u00e9 pro st\u011bhov\u00e1n\u00ed kancel\u00e1\u0159\u00edVelk\u00e9 mno\u017estv\u00ed n\u00e1bytku \u2013 nejv\u011bt\u0161\u00edm \u00faskal\u00edm kancel\u00e1\u0159\u00ed je v pr\u016fb\u011bhu st\u011bhov\u00e1n\u00ed n\u00e1bytek. Je ho tu a\u017e moc, m\u00edstnosti jsou mnohdy zapln\u011bn\u00e9 \u0161anony ulo\u017een\u00fdmi v reg\u00e1lech vysok\u00fdch sk\u0159\u00edn\u00ed \u010di komod, je tu velk\u00fd po\u010det psac\u00edch stol\u016f, konferen\u010dn\u00edch stolk\u016f i reprezentativn\u00edho prosklen\u00e9ho n\u00e1bytku. N\u011bkter\u00e9 kusy n\u00e1bytku je vhodn\u00e9 rozebrat, dnes se kancel\u00e1\u0159sk\u00fd n\u00e1bytek vyr\u00e1b\u00ed p\u0159ev\u00e1\u017en\u011b z d\u0159evot\u0159\u00edskov\u00fdch desek a ty by v pr\u016fb\u011bhu p\u0159em\u00eds\u0165ov\u00e1n\u00ed na nov\u00e9 stanovi\u0161t\u011b velmi trp\u011bly ve spoj\u00edch. Rozebr\u00e1n\u00ed a op\u011btovn\u00e9 sestaven\u00ed stol\u016f \u010di sk\u0159\u00edn\u00ed si vezme na starost spolehliv\u00e1 st\u011bhovac\u00ed firma.St\u011bhov\u00e1n\u00ed kancel\u00e1\u0159\u00ed v Praze d\u00e1le vy\u017eaduje perfektn\u00ed souhru pracovn\u00edho t\u00fdmu, a to jak zam\u011bstnanc\u016f firmy, kter\u00e1 se st\u011bhuje, tak i st\u011bhov\u00e1k\u016f. Zpravidla doch\u00e1z\u00ed k p\u0159est\u011bhov\u00e1n\u00ed v\u00edce kancel\u00e1\u0159\u00ed najednou v r\u00e1mci v\u011bt\u0161\u00ed budovy a tehdy je nutn\u00e9, aby v den D bylo ji\u017e v\u0161echno zabaleno v krabic\u00edch a n\u00e1bytek p\u0159ipraven k transportu. Jestli\u017ee po sv\u00fdch zam\u011bstnanc\u00edch nevy\u017eadujete balen\u00ed v\u011bc\u00ed do krabic, m\u016f\u017eete touto \u010dinnost\u00ed pov\u011b\u0159it st\u011bhovac\u00ed firmu, ta dok\u00e1\u017ee zajistit st\u011bhov\u00e1n\u00ed na kl\u00ed\u010d.St\u011bhovac\u00ed pl\u00e1n \u2013 zvl\u00e1\u0161t\u011b u velk\u00fdch projekt\u016f, jimi\u017e jsou i firemn\u00ed kancel\u00e1\u0159e, je vhodn\u00e9 dohodnout na p\u0159edb\u011b\u017en\u00e9 sch\u016fzce se z\u00e1stupci obou stran p\u0159esn\u00fd pracovn\u00ed harmonogram v\u010detn\u011b balen\u00ed v\u011bc\u00ed, ukl\u00e1d\u00e1n\u00ed p\u0159edm\u011bt\u016f do \u00faschovy, odvoz a skartace nepot\u0159ebn\u00fdch dokument\u016f, vy\u0159azen\u00e9ho n\u00e1bytku, koberc\u016f a dal\u0161\u00edho vybaven\u00ed kancel\u00e1\u0159\u00ed. Vhodn\u00e9 je i dohodnout sestavov\u00e1n\u00ed n\u00e1bytku na nov\u00e9m m\u00edst\u011b a jeho p\u0159izp\u016fsoben\u00ed odli\u0161n\u00fdm prostor\u00e1m, instalaci polic, sv\u00edtidel, garn\u00fd\u017e\u00ed a dal\u0161\u00edch dopl\u0148k\u016f, kter\u00e9 jsou k provozu pracovi\u0161t\u011b nezbytn\u00e9. To v\u0161e mohou st\u011bhovac\u00ed firmy vz\u00edt do sv\u00e9 kompetence a pochopiteln\u011b se na to vztahuje i pojistn\u00e9 pln\u011bn\u00ed v p\u0159\u00edpad\u011b po\u0161kozen\u00ed \u010di ztr\u00e1ty vybaven\u00ed firmy.                                                                                                                                                                                                                                                                                                                                                                                          4.2\/5 - (13 votes)        "},{"@context":"https:\/\/schema.org\/","@type":"BreadcrumbList","itemListElement":[{"@type":"ListItem","position":1,"name":"Pro st\u011bhov\u00e1n\u00ed kancel\u00e1\u0159\u00ed je nutn\u00e9 se \u0159\u00e1dn\u011b teoreticky p\u0159ipravit","item":"https:\/\/www.flexit.cz\/pro-stehovani-kancelari-je-nutne-se-radne-teoreticky-pripravit\/#breadcrumbitem"}]}]