[{"@context":"https:\/\/schema.org\/","@type":"Article","@id":"https:\/\/www.flexit.cz\/originalni-a-prakticke-sperky\/#Article","mainEntityOfPage":"https:\/\/www.flexit.cz\/originalni-a-prakticke-sperky\/","headline":"Origin\u00e1ln\u00ed a praktick\u00e9 \u0161perky","name":"Origin\u00e1ln\u00ed a praktick\u00e9 \u0161perky","description":"Naj\u00edt kvalitn\u00ed, origin\u00e1ln\u00ed a n\u011bco \u0159\u00edkaj\u00edc\u00ed d\u00e1rek nen\u00ed v\u017edy lehk\u00e9. Ale skv\u011blou a tradi\u010dn\u00ed volbou b\u00fdvaj\u00ed pr\u00e1v\u011b \u0161perky. \u0160perk toti\u017e m\u016f\u017eete darovat jak \u017een\u011b, tak mu\u017ei i d\u00edt\u011bti. \u0160perky nest\u00e1rnou, vydr\u017e\u00ed roky. Jsou tak skv\u011blou volbou i na velmi d\u016fle\u017eit\u00e9 ud\u00e1losti. Na v\u00fdznamn\u00e9 narozeniny, \u017eivotn\u00ed jubilea. T\u0159eba k ukon\u010den\u00ed studia, k z\u00e1snub\u00e1m, ke svatb\u011b, k [&hellip;]","datePublished":"2023-01-09","dateModified":"2023-05-05","author":{"@type":"Person","@id":"https:\/\/www.flexit.cz\/author\/#Person","name":"flexit.cz","url":"https:\/\/www.flexit.cz\/author\/","identifier":1,"image":{"@type":"ImageObject","@id":"https:\/\/secure.gravatar.com\/avatar\/68b3ed45b3ae6ecdad6bfa25b4077e93536d7764172b2830acbdb661d7242512?s=96&d=mm&r=g","url":"https:\/\/secure.gravatar.com\/avatar\/68b3ed45b3ae6ecdad6bfa25b4077e93536d7764172b2830acbdb661d7242512?s=96&d=mm&r=g","height":96,"width":96}},"publisher":{"@type":"Organization","name":"flexit.cz","logo":{"@type":"ImageObject","@id":"\/logo.png","url":"\/logo.png","width":600,"height":60}},"image":{"@type":"ImageObject","@id":"https:\/\/www.flexit.cz\/wp-content\/uploads\/love-ga26b15c1a_640.jpg","url":"https:\/\/www.flexit.cz\/wp-content\/uploads\/love-ga26b15c1a_640.jpg","height":0,"width":0},"url":"https:\/\/www.flexit.cz\/originalni-a-prakticke-sperky\/","about":["Zbo\u017e\u00ed"],"wordCount":432,"articleBody":"   Naj\u00edt kvalitn\u00ed, origin\u00e1ln\u00ed a n\u011bco \u0159\u00edkaj\u00edc\u00ed d\u00e1rek nen\u00ed v\u017edy lehk\u00e9. Ale skv\u011blou a tradi\u010dn\u00ed volbou b\u00fdvaj\u00ed pr\u00e1v\u011b \u0161perky. \u0160perk toti\u017e m\u016f\u017eete darovat jak \u017een\u011b, tak mu\u017ei i d\u00edt\u011bti. \u0160perky nest\u00e1rnou, vydr\u017e\u00ed roky. Jsou tak skv\u011blou volbou i na velmi d\u016fle\u017eit\u00e9 ud\u00e1losti. Na v\u00fdznamn\u00e9 narozeniny, \u017eivotn\u00ed jubilea. T\u0159eba k ukon\u010den\u00ed studia, k z\u00e1snub\u00e1m, ke svatb\u011b, k maturit\u011b, ale tak\u00e9 t\u0159eba k narozen\u00ed d\u00edt\u011bte.Je dobr\u00e9 zjistit, co osoba m\u00e1 r\u00e1da. Jak\u00fd materi\u00e1l i jak\u00fd styl \u0161perk\u016f. N\u011bkdo m\u00e1 r\u00e1d decentn\u00ed, nen\u00e1padn\u00e9 \u0161perky n\u011bkdo naopak velmi v\u00fdrazn\u00e9 a velk\u00e9 \u0161perky. M\u016f\u017eete vybrat \u0161perky ve zlatnictv\u00ed, ale tak\u00e9 si nechat vyrobit origin\u00e1ln\u00ed \u0161perk p\u0159\u00edmo na zak\u00e1zku. U \u0161perk\u016f na zak\u00e1zku m\u00e1te samoz\u0159ejm\u011b skoro volnou ruku v tom, co si nech\u00e1te vyrobit. M\u016f\u017eete tak vyrobit dan\u00fd \u0161perk p\u0159\u00edmo pro danou osobu. M\u016f\u017ee to tak b\u00fdt n\u011bco, co m\u00e1 osoba r\u00e1da, co ji charakterizuje, co v\u00e1s spojuje. Je mo\u017en\u00e9 tak\u00e9 ud\u011blat \u0161perk v podob\u011b t\u0159eba \u0159et\u00edzku \u010di n\u00e1ramku na ruku se jm\u00e9nem. M\u016f\u017ee j\u00edt o jm\u00e9no obdarovan\u00e9 osoby, o jm\u00e9no miluj\u00edc\u00ed osoby nebo t\u0159eba jm\u00e9no d\u00edt\u011bte.Takov\u00fd \u0161perk se pak kr\u00e1sn\u011b hod\u00ed t\u0159eba k narozen\u00ed d\u00edt\u011bte. \u0160perk se jm\u00e9nem d\u00edt\u011bte m\u016f\u017eete tak mu\u017e d\u00e1t svoji \u017een\u011b po porodu. Je to kr\u00e1sn\u00e1 p\u0159ipom\u00ednka v\u00fdznamn\u00e9 ud\u00e1losti. \u0160perk se jm\u00e9nem se hod\u00ed klidn\u011b i na narozeniny \u010di v\u00fdznamn\u00e9 ud\u00e1losti dvou lid\u00ed, kter\u00fd poj\u00ed milostn\u00fd vztah. \u0160perk se jm\u00e9nem lze d\u00e1t i sv\u00e9mu d\u00edt\u011bti. \u0160perky jsou tu od nepam\u011bti. Jsou kr\u00e1sn\u00e9, zdob\u00ed, d\u011blaj\u00ed radost a poj\u00ed se s nimi i mnoho emoc\u00ed. \u0160perkem lze tak vyj\u00e1d\u0159it mnoho cit\u016f. D\u00edky tomu \u0161perk nen\u00ed jen oby\u010dejn\u00fd d\u00e1rek, ale m\u00e1 i svoji citovou hodnotu. Proto se i \u0161perky d\u00e1vaj\u00ed na v\u00fdznamn\u00e9 ud\u00e1losti. Ale daj\u00ed se d\u00e1t i jen tak, z l\u00e1sky, jako pod\u011bkov\u00e1n\u00ed. A i t\u00edm vyjad\u0159ujeme emoce. \u017de m\u00e1me dan\u00e9ho \u010dlov\u011bka r\u00e1di, \u017ee si ho v\u00e1\u017e\u00edme, cen\u00edme, \u017ee mu d\u011bkujeme, \u017ee na n\u011bho mysl\u00edme. \u0160perk tak je velmi praktick\u00fdm, origin\u00e1ln\u00edm i tradi\u010dn\u00edm d\u00e1rkem.                                                                                                                                                                                                                                                                                                                                                                                          4.4\/5 - (8 votes)        "},{"@context":"https:\/\/schema.org\/","@type":"BreadcrumbList","itemListElement":[{"@type":"ListItem","position":1,"name":"Origin\u00e1ln\u00ed a praktick\u00e9 \u0161perky","item":"https:\/\/www.flexit.cz\/originalni-a-prakticke-sperky\/#breadcrumbitem"}]}]