[{"@context":"https:\/\/schema.org\/","@type":"Article","@id":"https:\/\/www.flexit.cz\/kosmeticka-k-vam-domu\/#Article","mainEntityOfPage":"https:\/\/www.flexit.cz\/kosmeticka-k-vam-domu\/","headline":"Kosmeti\u010dka k v\u00e1m dom\u016f","name":"Kosmeti\u010dka k v\u00e1m dom\u016f","description":"Na na\u0161em vzhledu, a to nejen z toho dekorativn\u00edho hlediska, ale i z hlediska zdrav\u00ed, n\u00e1m bezpochyby hodn\u011b z\u00e1le\u017e\u00ed. Proto se v\u016fbec nem\u00e1me strach sv\u011b\u0159it do p\u00e9\u010de kosmeti\u010dky, kter\u00e1 n\u00e1m pom\u016f\u017ee s na\u0161imi nedokonalostmi a spr\u00e1vnou p\u00e9\u010di o n\u00e1\u0161 zevn\u011bj\u0161ek. Kroky kosmeti\u010dky k v\u00e1m dom\u016f Kosmetick\u00e9 slu\u017eby dnes m\u016f\u017eete vyhledat bu\u010fto p\u0159\u00edmo v kosmetick\u00e9m sal\u00f3nu [&hellip;]","datePublished":"2023-05-05","dateModified":"2023-05-05","author":{"@type":"Person","@id":"https:\/\/www.flexit.cz\/author\/#Person","name":"flexit.cz","url":"https:\/\/www.flexit.cz\/author\/","identifier":1,"image":{"@type":"ImageObject","@id":"https:\/\/secure.gravatar.com\/avatar\/68b3ed45b3ae6ecdad6bfa25b4077e93536d7764172b2830acbdb661d7242512?s=96&d=mm&r=g","url":"https:\/\/secure.gravatar.com\/avatar\/68b3ed45b3ae6ecdad6bfa25b4077e93536d7764172b2830acbdb661d7242512?s=96&d=mm&r=g","height":96,"width":96}},"publisher":{"@type":"Organization","name":"flexit.cz","logo":{"@type":"ImageObject","@id":"\/logo.png","url":"\/logo.png","width":600,"height":60}},"image":{"@type":"ImageObject","@id":"https:\/\/www.flexit.cz\/wp-content\/uploads\/img_a312782_w2450_t1523547172.jpg","url":"https:\/\/www.flexit.cz\/wp-content\/uploads\/img_a312782_w2450_t1523547172.jpg","height":0,"width":0},"url":"https:\/\/www.flexit.cz\/kosmeticka-k-vam-domu\/","about":["Slu\u017eby"],"wordCount":486,"articleBody":"Na na\u0161em vzhledu, a to nejen z toho dekorativn\u00edho hlediska, ale i z hlediska zdrav\u00ed, n\u00e1m bezpochyby hodn\u011b z\u00e1le\u017e\u00ed. Proto se v\u016fbec nem\u00e1me strach sv\u011b\u0159it do p\u00e9\u010de kosmeti\u010dky, kter\u00e1 n\u00e1m pom\u016f\u017ee s na\u0161imi nedokonalostmi a spr\u00e1vnou p\u00e9\u010di o n\u00e1\u0161 zevn\u011bj\u0161ek.\tKroky kosmeti\u010dky k v\u00e1m dom\u016fKosmetick\u00e9 slu\u017eby dnes m\u016f\u017eete vyhledat bu\u010fto p\u0159\u00edmo v kosmetick\u00e9m sal\u00f3nu nebo vyu\u017e\u00edt nab\u00eddky, kterou jsou dnes kosmeti\u010dky mnohem v\u00edce vyhled\u00e1van\u00e9. M\u016f\u017eete si tedy naj\u00edt va\u0161i kosmeti\u010dku, kter\u00e1 se o v\u00e1s a v\u00e1\u0161 vzhled bude starat do podrobn\u00e9 m\u00edry. A p\u0159itom nebudete muset nikam doj\u00ed\u017ed\u011bt.Procedury, kter\u00e9 v\u00e1m kosmeti\u010dka ud\u011bl\u00e1 z pohodl\u00ed domova:1.&nbsp;&nbsp;&nbsp;&nbsp; \u010ci\u0161t\u011bn\u00ed pleti do hloubky2.&nbsp;&nbsp;&nbsp;&nbsp; Masky na obli\u010dej3.&nbsp;&nbsp;&nbsp;&nbsp; Depilace a \u00faprava obo\u010d\u00ed nebo \u0159as4.&nbsp;&nbsp;&nbsp;&nbsp; Mas\u00e1\u017e o\u010dn\u00edho okol\u00ed5.&nbsp;&nbsp;&nbsp;&nbsp; Manik\u016fra6.&nbsp;&nbsp;&nbsp;&nbsp; Pedik\u016fraKosmetick\u00e9 slu\u017eby a\u017e do domu jsou dnes nab\u00edzen\u00e9 nejen pro pohodlnost z\u00e1kaznic, ale i pro lep\u0161\u00ed efekt d\u00edky dobr\u00e9mu uvoln\u011bn\u00ed z\u00e1kaznice v zn\u00e1m\u00e9m a dom\u00e1c\u00edm prost\u0159ed\u00ed. Tuto nab\u00eddku vyu\u017e\u00edv\u00e1 i velk\u00e1 \u0159ada pracuj\u00edc\u00edch \u017een, kter\u00e9 po pr\u00e1ci maj\u00ed chu\u0165 u\u017e jen na to, aby si doma zvedli nohy nahoru a nemuseli nikam doj\u00ed\u017ed\u011bt. Skv\u011bl\u00e1 volba je to i pro maminky na mate\u0159sk\u00e9 dovolen\u00e9, kter\u00e9 tak nemusej\u00ed p\u0159em\u00fd\u0161let, co s d\u011btmi a za ka\u017edou cenu jim hledat hl\u00edd\u00e1n\u00ed.\tVyu\u017eijte t\u00e9to nab\u00eddky, proto\u017ee kosmetick\u00e9 slu\u017eby jsou d\u016fle\u017eit\u00e9!Pravideln\u00e9 \u010di\u0161t\u011bn\u00ed a d\u016fkladn\u00e1 p\u00e9\u010de o na\u0161i ple\u0165, by m\u011blo b\u00fdt prioritou ka\u017ed\u00e9ho z n\u00e1s. I d\u00edky dobr\u00e9mu a zdrav\u00e9mu vzhledu se c\u00edt\u00edme psychicky v\u00edce vyrovnan\u011b a spokojen\u011b s t\u00edm, jak\u00fd jsme. Zam\u011b\u0159te se v\u0161ak na slu\u017eby, kter\u00e9 nab\u00edz\u00ed kosmeti\u010dky, proto\u017ee sami si takhle nikdy doma nepom\u016f\u017eete a ple\u0165 nevy\u010dist\u00edte dostate\u010dn\u011b dob\u0159e na to, aby byla spr\u00e1vn\u011b upraven\u00e1. Va\u0161e ple\u0165 pot\u0159ebuje regeneraci, kterou j\u00ed m\u016f\u017ee poskytnout pr\u00e1v\u011b ruka odborn\u00edka. V neposledn\u00ed \u0159ad\u011b nezapome\u0148te ani na \u00fapravu va\u0161ich neht\u016f na rukou a na noh\u00e1ch, kter\u00e9 tak\u00e9 p\u0159isp\u00edvaj\u00ed k tomu, abyste byli se sebou spokojeni.Kosmetick\u00e9 slu\u017eby by m\u011bli b\u00fdt pro v\u00e1s pravideln\u011b vyhled\u00e1van\u00e9, a to bez rozd\u00edlu na to, jestli jste \u017eena nebo mu\u017e.U obou pohlav\u00ed je p\u00e9\u010de o ple\u0165 nesm\u00edrn\u011b pot\u0159ebn\u00e1 a zanedb\u00e1vat &ndash; byste ji nem\u011bli!                                                                                                                                                                                                                                                                                                                                                                                        4\/5 - (11 votes)        "},{"@context":"https:\/\/schema.org\/","@type":"BreadcrumbList","itemListElement":[{"@type":"ListItem","position":1,"name":"Kosmeti\u010dka k v\u00e1m dom\u016f","item":"https:\/\/www.flexit.cz\/kosmeticka-k-vam-domu\/#breadcrumbitem"}]}]