[{"@context":"https:\/\/schema.org\/","@type":"Article","@id":"https:\/\/www.flexit.cz\/do-firmy-jsou-zkratka-a-dobre-idealni\/#Article","mainEntityOfPage":"https:\/\/www.flexit.cz\/do-firmy-jsou-zkratka-a-dobre-idealni\/","headline":"Do firmy jsou zkr\u00e1tka a dob\u0159e ide\u00e1ln\u00ed","name":"Do firmy jsou zkr\u00e1tka a dob\u0159e ide\u00e1ln\u00ed","description":"N\u011bkter\u00e9 nab\u00eddky se zkr\u00e1tka a dob\u0159e neodm\u00edtaj\u00ed. N\u011bkter\u00e9 nab\u00eddky jsou tak v\u00fdhodn\u00e9, \u017ee se zkr\u00e1tka musej\u00ed vyu\u017e\u00edt. A v\u016fbec neplat\u00ed to, \u017ee se mus\u00ed jednat o extr\u00e9mn\u00ed slevy nebo p\u0159evratn\u00e9 technick\u00e9 novinky. Naopak, \u010dasto ty nejv\u00fdhodn\u011bj\u0161\u00ed nab\u00eddky p\u0159edstavuj\u00ed ty nejprost\u0161\u00ed a nejjednodu\u0161\u0161\u00ed v\u011bci, jako jsou nap\u0159\u00edklad sv\u011btl\u00edky. Jste p\u0159ekvapeni? Je to tak, pod\u00edvejte se na [&hellip;]","datePublished":"2024-04-06","dateModified":"2024-04-06","author":{"@type":"Person","@id":"https:\/\/www.flexit.cz\/author\/#Person","name":"flexit.cz","url":"https:\/\/www.flexit.cz\/author\/","identifier":1,"image":{"@type":"ImageObject","@id":"https:\/\/secure.gravatar.com\/avatar\/68b3ed45b3ae6ecdad6bfa25b4077e93536d7764172b2830acbdb661d7242512?s=96&d=mm&r=g","url":"https:\/\/secure.gravatar.com\/avatar\/68b3ed45b3ae6ecdad6bfa25b4077e93536d7764172b2830acbdb661d7242512?s=96&d=mm&r=g","height":96,"width":96}},"publisher":{"@type":"Organization","name":"flexit.cz","logo":{"@type":"ImageObject","@id":"\/logo.png","url":"\/logo.png","width":600,"height":60}},"url":"https:\/\/www.flexit.cz\/do-firmy-jsou-zkratka-a-dobre-idealni\/","wordCount":240,"articleBody":"N\u011bkter\u00e9 nab\u00eddky se zkr\u00e1tka a dob\u0159e neodm\u00edtaj\u00ed. N\u011bkter\u00e9 nab\u00eddky jsou tak v\u00fdhodn\u00e9, \u017ee se zkr\u00e1tka musej\u00ed vyu\u017e\u00edt. A v\u016fbec neplat\u00ed to, \u017ee se mus\u00ed jednat o extr\u00e9mn\u00ed slevy nebo p\u0159evratn\u00e9 technick\u00e9 novinky. Naopak, \u010dasto ty nejv\u00fdhodn\u011bj\u0161\u00ed nab\u00eddky p\u0159edstavuj\u00ed ty nejprost\u0161\u00ed a nejjednodu\u0161\u0161\u00ed v\u011bci, jako jsou nap\u0159\u00edklad sv\u011btl\u00edky. Jste p\u0159ekvapeni? Je to tak, pod\u00edvejte se na na\u0161i aktu\u00e1ln\u00ed internetovou nab\u00eddku a jist\u011b se pro na\u0161e \u0159e\u0161en\u00ed prostoru nadchnete. Na\u0161i odborn\u00edci navrhnou v\u017edy optim\u00e1ln\u00ed \u0159e\u0161en\u00ed a posouzen\u00ed v\u0161ech aspekt\u016f projektu. A to, \u017ee pracuj\u00ed dob\u0159e, to dokl\u00e1d\u00e1 i fakt, \u017ee na\u0161imi z\u00e1kazn\u00edci jsou velk\u00e9 pr\u016fmyslov\u00e9 podniky, jako je nap\u0159\u00edklad \u0160koda Auto, \u010cKD \u010di Karosa.Praktick\u00e9 \u0159e\u0161en\u00ed pro ka\u017ed\u00e9hoSv\u011btl\u00edky p\u0159edstavuj\u00ed praktick\u00e9 a elegantn\u00ed \u0159e\u0161en\u00ed pro ka\u017edou spole\u010dnost, kter\u00e1 chce zefektivnit sv\u016fj chod. Vytvo\u0159en\u00ed ide\u00e1ln\u00edch pracovn\u00edch podm\u00ednek je tak trochu v\u011bda, mus\u00ed se sej\u00edt mnoho faktor\u016f, kter\u00e9 dohromady vytvo\u0159\u00ed pozitivn\u00ed prost\u0159ed\u00ed, kter\u00e9 je motivuj\u00edc\u00ed pro zv\u00fd\u0161en\u00ed pracovn\u00edch v\u00fdkon\u016f i mor\u00e1lky v\u0161ech zam\u011bstnanc\u016f. A vy\u0159e\u0161en\u00ed toho, jak\u00fdm zp\u016fsobem bude firma osv\u011btlen\u00e1 a vzdu\u0161n\u00e1 je jedn\u00edm z t\u011bchto faktor\u016f.                                                                                                                                                                                                                                                                                                                                                                                        4.2\/5 - (4 votes)        "},{"@context":"https:\/\/schema.org\/","@type":"BreadcrumbList","itemListElement":[{"@type":"ListItem","position":1,"name":"Do firmy jsou zkr\u00e1tka a dob\u0159e ide\u00e1ln\u00ed","item":"https:\/\/www.flexit.cz\/do-firmy-jsou-zkratka-a-dobre-idealni\/#breadcrumbitem"}]}]