[{"@context":"https:\/\/schema.org\/","@type":"Article","@id":"https:\/\/www.flexit.cz\/bez-ceho-se-na-sve-zahrade-urcite-neobejdete\/#Article","mainEntityOfPage":"https:\/\/www.flexit.cz\/bez-ceho-se-na-sve-zahrade-urcite-neobejdete\/","headline":"Bez \u010deho se na sv\u00e9 zahrad\u011b ur\u010dit\u011b neobejdete","name":"Bez \u010deho se na sv\u00e9 zahrad\u011b ur\u010dit\u011b neobejdete","description":"M\u00edsto klidu a relaxace Aby nebyla zahrada jen m\u00edstem, kam chod\u00edte pracovat, m\u011bli byste si v n\u00ed vytvo\u0159it o\u00e1zu klidu. N\u011bjak\u00fd p\u0159\u00edjemn\u00fd koutek, kde budete \u010d\u00edst obl\u00edben\u00e9 knihy, pop\u00edjet k\u00e1vu, nebo se sch\u00e1zet s rodinou a p\u0159\u00e1teli. Abyste se zde c\u00edtili dob\u0159e, obklopte se zelen\u00ed. V\u00fdhodou bude, \u017ee na v\u00e1s neuvid\u00ed sousedi a zelen\u00e1 barva [&hellip;]","datePublished":"2020-09-09","dateModified":"2023-05-05","author":{"@type":"Person","@id":"https:\/\/www.flexit.cz\/author\/#Person","name":"flexit.cz","url":"https:\/\/www.flexit.cz\/author\/","identifier":1,"image":{"@type":"ImageObject","@id":"https:\/\/secure.gravatar.com\/avatar\/68b3ed45b3ae6ecdad6bfa25b4077e93536d7764172b2830acbdb661d7242512?s=96&d=mm&r=g","url":"https:\/\/secure.gravatar.com\/avatar\/68b3ed45b3ae6ecdad6bfa25b4077e93536d7764172b2830acbdb661d7242512?s=96&d=mm&r=g","height":96,"width":96}},"publisher":{"@type":"Organization","name":"flexit.cz","logo":{"@type":"ImageObject","@id":"\/logo.png","url":"\/logo.png","width":600,"height":60}},"image":{"@type":"ImageObject","@id":"https:\/\/www.flexit.cz\/wp-content\/uploads\/osv%C4%9B%C5%BEuj%C3%ADc%C3%AD_drink.jpg","url":"https:\/\/www.flexit.cz\/wp-content\/uploads\/osv%C4%9B%C5%BEuj%C3%ADc%C3%AD_drink.jpg","height":0,"width":0},"url":"https:\/\/www.flexit.cz\/bez-ceho-se-na-sve-zahrade-urcite-neobejdete\/","about":["Slu\u017eby"],"wordCount":461,"articleBody":"   M\u00edsto klidu a relaxaceAby nebyla zahrada jen m\u00edstem, kam chod\u00edte pracovat, m\u011bli byste si v n\u00ed vytvo\u0159it o\u00e1zu klidu. N\u011bjak\u00fd p\u0159\u00edjemn\u00fd koutek, kde budete \u010d\u00edst obl\u00edben\u00e9 knihy, pop\u00edjet k\u00e1vu, nebo se sch\u00e1zet s rodinou a p\u0159\u00e1teli. Abyste se zde c\u00edtili dob\u0159e, obklopte se zelen\u00ed. V\u00fdhodou bude, \u017ee na v\u00e1s neuvid\u00ed sousedi a zelen\u00e1 barva p\u016fsob\u00ed na \u010dlov\u011bka pozitivn\u011b. D\u016fle\u017eit\u00e9 je i pohodln\u00e9 sezen\u00ed \u010di le\u017een\u00ed. A\u0165 u\u017e si vyberete leh\u00e1tko, houpac\u00ed k\u0159eslo nebo relaxa\u010dn\u00ed hn\u00edzdo, je d\u016fle\u017eit\u00e9, abyste se vy c\u00edtili dob\u0159e. Sv\u016fj koutek m\u016f\u017eete vyu\u017e\u00edvat i za de\u0161t\u011b, pokud ho alespo\u0148 \u010d\u00e1ste\u010dn\u011b zast\u0159e\u0161\u00edte. A \u010d\u00edm ho je\u0161t\u011b dopln\u00edte, u\u017e bude z\u00e1le\u017eet jen na v\u00e1s. Obklopte se v\u011bcmi, kter\u00e9 m\u00e1te r\u00e1di. Pokud tr\u00e1v\u00edte v kuchyni p\u00e1r hodin t\u00fddn\u011b, ur\u010dit\u011b v\u00edte, jak d\u016fle\u017eit\u00e9 je ko\u0159en\u00ed a bylinky. Pro kucha\u0159e a kucha\u0159kyA nen\u00ed nad to si vyp\u011bstovat vlastn\u00ed bylinky. V\u011bt\u0161ina z nich je nen\u00e1ro\u010dn\u00e1 a nepot\u0159ebuje p\u0159\u00edli\u0161 p\u00e9\u010de. Jedin\u00e9, na co mus\u00edte d\u00e1t pozor, je, kter\u00e1 bylinka m\u00e1 r\u00e1da slun\u00ed\u010dko, kter\u00e1 polost\u00edn, a kter\u00e1 rad\u011bji st\u00edn \u00fapln\u00fd. Potom posta\u010d\u00ed ob\u010das zal\u00edt a m\u016f\u017eete si vychutn\u00e1vat Mojito z dom\u00e1c\u00ed m\u00e1ty nebo medu\u0148kov\u00fd \u010daj pro lep\u0161\u00ed sp\u00e1nek. A existuje mnoho dal\u0161\u00edch nen\u00e1ro\u010dn\u00fdch bylinek.Trocha osv\u011b\u017een\u00ed v hork\u00fdch dnechU\u017e n\u011bkolik let se v na\u0161ich podnebn\u00fdch podm\u00ednk\u00e1ch vyskytuje l\u00e9to, kter\u00e9 b\u00fdv\u00e1 extra tepl\u00e9. Po cel\u00e9m dni v rozp\u00e1len\u00e9m m\u011bst\u011b ut\u00edk\u00e1te dom\u016f, kde m\u00e1te alespo\u0148 trochu chl\u00e1dek. A co byste je\u0161t\u011b \u0159ekli tomu, kdybyste se mohli pono\u0159it do vlastn\u00edho baz\u00e9nu? Na trhu je ohromn\u00e1 nab\u00eddka r\u016fzn\u00fdch velikost\u00ed a tvar\u016f baz\u00e9n\u016f a technologie u\u017e je tak vysp\u011bl\u00e1, \u017ee baz\u00e9n nebude pot\u0159ebovat velkou p\u00e9\u010di. Filtrace a chlorov\u00e9 tablety zajist\u00ed, \u017ee v\u00e1m voda vydr\u017e\u00ed pr\u016fzra\u010dn\u00e1 cel\u00e9 l\u00e9to. Mo\u017en\u00e1 si \u0159\u00edk\u00e1te, \u017ee na baz\u00e9n nem\u00e1te na zahrad\u011b m\u00edsto, anebo je pro v\u00e1s drah\u00fd a zbyte\u010dn\u00fd. Ov\u0161em m\u016f\u017eete si dop\u0159\u00e1t osv\u011b\u017een\u00ed v podob\u011b zahradn\u00ed sol\u00e1rn\u00ed sprchy. M\u016f\u017eete pod n\u00ed sko\u010dit kdykoliv, kdy\u017e budete pot\u0159ebovat vzpruhu. A\u0165 u\u017e po n\u00e1ro\u010dn\u00e9m dni v pr\u00e1ci nebo po okop\u00e1v\u00e1n\u00ed va\u0161eho z\u00e1honku s bylinkami.                                                                                                                                                                                                                                                                                                                                                                                          4.2\/5 - (10 votes)        "},{"@context":"https:\/\/schema.org\/","@type":"BreadcrumbList","itemListElement":[{"@type":"ListItem","position":1,"name":"Bez \u010deho se na sv\u00e9 zahrad\u011b ur\u010dit\u011b neobejdete","item":"https:\/\/www.flexit.cz\/bez-ceho-se-na-sve-zahrade-urcite-neobejdete\/#breadcrumbitem"}]}]