{"@context":"https:\/\/schema.org\/","@type":"CollectionPage","@id":"https:\/\/www.flexit.cz\/auto-moto\/#CollectionPage","headline":"Auto moto Category","description":"","url":"https:\/\/www.flexit.cz\/auto-moto\/","hasPart":[{"@type":"Article","@id":"https:\/\/www.flexit.cz\/v-japonsku-si-poradili-s-parkovanim-velice-sverazne\/","headline":"V Japonsku si poradili s parkov\u00e1n\u00edm velice sv\u00e9r\u00e1zn\u011b","url":"https:\/\/www.flexit.cz\/v-japonsku-si-poradili-s-parkovanim-velice-sverazne\/","datePublished":"2023-05-05","dateModified":"2023-05-05","mainEntityOfPage":"https:\/\/www.flexit.cz\/v-japonsku-si-poradili-s-parkovanim-velice-sverazne\/","author":{"@type":"Person","@id":"https:\/\/www.flexit.cz\/author\/#Person","name":"flexit.cz","url":"https:\/\/www.flexit.cz\/author\/","identifier":1,"image":{"@type":"ImageObject","@id":"https:\/\/secure.gravatar.com\/avatar\/68b3ed45b3ae6ecdad6bfa25b4077e93536d7764172b2830acbdb661d7242512?s=96&d=mm&r=g","url":"https:\/\/secure.gravatar.com\/avatar\/68b3ed45b3ae6ecdad6bfa25b4077e93536d7764172b2830acbdb661d7242512?s=96&d=mm&r=g","height":96,"width":96}},"publisher":{"@type":"Organization","name":"flexit.cz","logo":{"@type":"ImageObject","@id":"\/logo.png","url":"\/logo.png","width":600,"height":60}},"image":{"@type":"ImageObject","@id":"https:\/\/www.flexit.cz\/wp-content\/uploads\/img_a342409_w2450_t1555182191.jpg","url":"https:\/\/www.flexit.cz\/wp-content\/uploads\/img_a342409_w2450_t1555182191.jpg","height":0,"width":0},"keywords":null},{"@type":"Article","@id":"https:\/\/www.flexit.cz\/sedacky-v-aute-jak-o-ne-pecovat\/","headline":"Seda\u010dky v aut\u011b \u2013 jak o n\u011b pe\u010dovat?","url":"https:\/\/www.flexit.cz\/sedacky-v-aute-jak-o-ne-pecovat\/","datePublished":"2023-05-05","dateModified":"2023-05-05","mainEntityOfPage":"https:\/\/www.flexit.cz\/sedacky-v-aute-jak-o-ne-pecovat\/","author":{"@type":"Person","@id":"https:\/\/www.flexit.cz\/author\/#Person","name":"flexit.cz","url":"https:\/\/www.flexit.cz\/author\/","identifier":1,"image":{"@type":"ImageObject","@id":"https:\/\/secure.gravatar.com\/avatar\/68b3ed45b3ae6ecdad6bfa25b4077e93536d7764172b2830acbdb661d7242512?s=96&d=mm&r=g","url":"https:\/\/secure.gravatar.com\/avatar\/68b3ed45b3ae6ecdad6bfa25b4077e93536d7764172b2830acbdb661d7242512?s=96&d=mm&r=g","height":96,"width":96}},"publisher":{"@type":"Organization","name":"flexit.cz","logo":{"@type":"ImageObject","@id":"\/logo.png","url":"\/logo.png","width":600,"height":60}},"image":{"@type":"ImageObject","@id":"https:\/\/www.flexit.cz\/wp-content\/uploads\/img_a307062_w2450_t1518379943.jpg","url":"https:\/\/www.flexit.cz\/wp-content\/uploads\/img_a307062_w2450_t1518379943.jpg","height":0,"width":0},"keywords":null},{"@type":"Article","@id":"https:\/\/www.flexit.cz\/ketodieta\/","headline":"Ketodieta","url":"https:\/\/www.flexit.cz\/ketodieta\/","datePublished":"2018-11-03","dateModified":"2024-05-21","mainEntityOfPage":"https:\/\/www.flexit.cz\/ketodieta\/","author":{"@type":"Person","@id":"https:\/\/www.flexit.cz\/author\/#Person","name":"flexit.cz","url":"https:\/\/www.flexit.cz\/author\/","identifier":1,"image":{"@type":"ImageObject","@id":"https:\/\/secure.gravatar.com\/avatar\/68b3ed45b3ae6ecdad6bfa25b4077e93536d7764172b2830acbdb661d7242512?s=96&d=mm&r=g","url":"https:\/\/secure.gravatar.com\/avatar\/68b3ed45b3ae6ecdad6bfa25b4077e93536d7764172b2830acbdb661d7242512?s=96&d=mm&r=g","height":96,"width":96}},"publisher":{"@type":"Organization","name":"flexit.cz","logo":{"@type":"ImageObject","@id":"\/logo.png","url":"\/logo.png","width":600,"height":60}},"image":{"@type":"ImageObject","@id":"https:\/\/www.flexit.cz\/wp-content\/uploads\/img_a330478_w1765_t1543013258.jpg","url":"https:\/\/www.flexit.cz\/wp-content\/uploads\/img_a330478_w1765_t1543013258.jpg","height":0,"width":0},"keywords":null},{"@type":"Article","@id":"https:\/\/www.flexit.cz\/kdyz-se-nic-necekaneho-nevyvrbi-je-to-fajn\/","headline":"Kdy\u017e se nic ne\u010dekan\u00e9ho nevyvrb\u00ed, je to fajn","url":"https:\/\/www.flexit.cz\/kdyz-se-nic-necekaneho-nevyvrbi-je-to-fajn\/","datePublished":"2018-08-15","dateModified":"2023-05-05","mainEntityOfPage":"https:\/\/www.flexit.cz\/kdyz-se-nic-necekaneho-nevyvrbi-je-to-fajn\/","author":{"@type":"Person","@id":"https:\/\/www.flexit.cz\/author\/#Person","name":"flexit.cz","url":"https:\/\/www.flexit.cz\/author\/","identifier":1,"image":{"@type":"ImageObject","@id":"https:\/\/secure.gravatar.com\/avatar\/68b3ed45b3ae6ecdad6bfa25b4077e93536d7764172b2830acbdb661d7242512?s=96&d=mm&r=g","url":"https:\/\/secure.gravatar.com\/avatar\/68b3ed45b3ae6ecdad6bfa25b4077e93536d7764172b2830acbdb661d7242512?s=96&d=mm&r=g","height":96,"width":96}},"publisher":{"@type":"Organization","name":"flexit.cz","logo":{"@type":"ImageObject","@id":"\/logo.png","url":"\/logo.png","width":600,"height":60}},"image":{"@type":"ImageObject","@id":"https:\/\/www.flexit.cz\/wp-content\/uploads\/img_a322689_w2450_t1534475648.jpg","url":"https:\/\/www.flexit.cz\/wp-content\/uploads\/img_a322689_w2450_t1534475648.jpg","height":0,"width":0},"keywords":null},{"@type":"Article","@id":"https:\/\/www.flexit.cz\/preprava-objemneho-nakladu-pro-vas-nebude-nejmensi-problem\/","headline":"P\u0159eprava objemn\u00e9ho n\u00e1kladu pro v\u00e1s nebude nejmen\u0161\u00ed probl\u00e9m","url":"https:\/\/www.flexit.cz\/preprava-objemneho-nakladu-pro-vas-nebude-nejmensi-problem\/","datePublished":"2018-03-21","dateModified":"2023-05-05","mainEntityOfPage":"https:\/\/www.flexit.cz\/preprava-objemneho-nakladu-pro-vas-nebude-nejmensi-problem\/","author":{"@type":"Person","@id":"https:\/\/www.flexit.cz\/author\/#Person","name":"flexit.cz","url":"https:\/\/www.flexit.cz\/author\/","identifier":1,"image":{"@type":"ImageObject","@id":"https:\/\/secure.gravatar.com\/avatar\/68b3ed45b3ae6ecdad6bfa25b4077e93536d7764172b2830acbdb661d7242512?s=96&d=mm&r=g","url":"https:\/\/secure.gravatar.com\/avatar\/68b3ed45b3ae6ecdad6bfa25b4077e93536d7764172b2830acbdb661d7242512?s=96&d=mm&r=g","height":96,"width":96}},"publisher":{"@type":"Organization","name":"flexit.cz","logo":{"@type":"ImageObject","@id":"\/logo.png","url":"\/logo.png","width":600,"height":60}},"image":{"@type":"ImageObject","@id":"https:\/\/www.flexit.cz\/wp-content\/uploads\/img_a314241_w2450_t1525018628.jpg","url":"https:\/\/www.flexit.cz\/wp-content\/uploads\/img_a314241_w2450_t1525018628.jpg","height":0,"width":0},"keywords":null}]}